{"id":2377,"date":"2024-11-21T11:08:58","date_gmt":"2024-11-21T09:08:58","guid":{"rendered":"https:\/\/sucs.paeria.cat\/web\/?p=2377"},"modified":"2025-02-04T16:10:22","modified_gmt":"2025-02-04T14:10:22","slug":"actuacio-de-millora-dhabitat-i-adequacio-de-lus-public-de-la-bassa-de-sucs-aquesta-actuacio-sha-realitzat-a-traves-de-les-subvencions-als","status":"publish","type":"post","link":"https:\/\/sucs.paeria.cat\/web\/actuacio-de-millora-dhabitat-i-adequacio-de-lus-public-de-la-bassa-de-sucs-aquesta-actuacio-sha-realitzat-a-traves-de-les-subvencions-als\/","title":{"rendered":"ACTUACI\u00d3 DE MILLORA D\u2019H\u00c0BITAT I ADEQUACI\u00d3 DE L\u2019\u00daS P\u00daBLIC DE LA BASSA DE SUCS"},"content":{"rendered":"\t\t<div data-elementor-type=\"wp-post\" data-elementor-id=\"2377\" class=\"elementor elementor-2377\">\n\t\t\t\t\t\t<section class=\"elementor-section elementor-top-section elementor-element elementor-element-1fbffee elementor-section-boxed elementor-section-height-default elementor-section-height-default\" data-id=\"1fbffee\" data-element_type=\"section\" data-e-type=\"section\">\n\t\t\t\t\t\t<div class=\"elementor-container elementor-column-gap-default\">\n\t\t\t\t\t<div class=\"elementor-column elementor-col-100 elementor-top-column elementor-element elementor-element-92af4f1\" data-id=\"92af4f1\" data-element_type=\"column\" data-e-type=\"column\">\n\t\t\t<div class=\"elementor-widget-wrap elementor-element-populated\">\n\t\t\t\t\t\t<div class=\"elementor-element elementor-element-1e0dd7e elementor-widget elementor-widget-heading\" data-id=\"1e0dd7e\" data-element_type=\"widget\" data-e-type=\"widget\" data-widget_type=\"heading.default\">\n\t\t\t\t<div class=\"elementor-widget-container\">\n\t\t\t\t\t<h2 class=\"elementor-heading-title elementor-size-default\">ACTUACI\u00d3 DE MILLORA D\u2019H\u00c0BITAT I ADEQUACI\u00d3 DE L\u2019\u00daS P\u00daBLIC DE LA BASSA DE SUCS<\/h2>\t\t\t\t<\/div>\n\t\t\t\t<\/div>\n\t\t\t\t\t<\/div>\n\t\t<\/div>\n\t\t\t\t\t<\/div>\n\t\t<\/section>\n\t\t\t\t<section class=\"elementor-section elementor-top-section elementor-element elementor-element-466bedb elementor-section-boxed elementor-section-height-default elementor-section-height-default\" data-id=\"466bedb\" data-element_type=\"section\" data-e-type=\"section\">\n\t\t\t\t\t\t<div class=\"elementor-container elementor-column-gap-default\">\n\t\t\t\t\t<div class=\"elementor-column elementor-col-100 elementor-top-column elementor-element elementor-element-3dd1f84\" data-id=\"3dd1f84\" data-element_type=\"column\" data-e-type=\"column\">\n\t\t\t<div class=\"elementor-widget-wrap elementor-element-populated\">\n\t\t\t\t\t\t<div class=\"elementor-element elementor-element-7100378 elementor-widget elementor-widget-text-editor\" data-id=\"7100378\" data-element_type=\"widget\" data-e-type=\"widget\" data-widget_type=\"text-editor.default\">\n\t\t\t\t<div class=\"elementor-widget-container\">\n\t\t\t\t\t\t\t\t\t<p>Aquesta actuaci\u00f3 s\u2019ha realitzat a trav\u00e9s de les Subvencions als espais naturals, als h\u00e0bitats i les esp\u00e8cies per al 2023 del Departament de Territori, Habitatge i Transici\u00f3 Ecol\u00f2gica, cofinan\u00e7ades pel Fons Europeu Agr\u00edcola de Desenvolupament Rural (FEADER).<\/p><p>L\u2019actuaci\u00f3 ha estat subvencionada gr\u00e0cies al cofinan\u00e7ament del Fons Europeu Agr\u00edcola de Desenvolupament Rural (FEADER) en un 43% i del Departament D\u2019Acci\u00f3 Clim\u00e0tica, Alimentaci\u00f3 i Agenda Rural (DACC) en un 57% en el marc del PDR per un import total de 6.555,54 \u20ac.<\/p><figure id=\"attachment_2445\" aria-describedby=\"caption-attachment-2445\" style=\"width: 290px\" class=\"wp-caption aligncenter\"><a href=\"https:\/\/www.fondoseuropeos.hacienda.gob.es\/sitios\/dgfc\/es-ES\/paginas\/feader.aspx\"><img decoding=\"async\" class=\"wp-image-2445 size-full\" src=\"https:\/\/sucs.paeria.cat\/web\/wp-content\/uploads\/2025\/02\/Fons-Europeu-Agricola-de-Desenvolupament-Rural-FEADER.png_1386679427.png\" alt=\"Fons Europeu Agr\u00edcola de Desenvolupament Rural (FEADER)\" width=\"300\" height=\"50\" \/><\/a><figcaption id=\"caption-attachment-2445\" class=\"wp-caption-text\">Fons Europeu Agr\u00edcola de Desenvolupament Rural (FEADER)<\/figcaption><\/figure>\t\t\t\t\t\t\t\t<\/div>\n\t\t\t\t<\/div>\n\t\t\t\t\t<\/div>\n\t\t<\/div>\n\t\t\t\t\t<\/div>\n\t\t<\/section>\n\t\t\t\t<\/div>\n\t\t","protected":false},"excerpt":{"rendered":"<p>ACTUACI\u00d3 DE MILLORA D\u2019H\u00c0BITAT I ADEQUACI\u00d3 DE L\u2019\u00daS P\u00daBLIC DE LA BASSA DE SUCS Aquesta actuaci\u00f3 s\u2019ha realitzat a trav\u00e9s de les Subvencions als espais naturals, als h\u00e0bitats i les esp\u00e8cies per al 2023 del Departament de Territori, Habitatge i Transici\u00f3 Ecol\u00f2gica, cofinan\u00e7ades pel Fons Europeu Agr\u00edcola de Desenvolupament Rural (FEADER). L\u2019actuaci\u00f3 ha estat subvencionada &#8230; <a title=\"ACTUACI\u00d3 DE MILLORA D\u2019H\u00c0BITAT I ADEQUACI\u00d3 DE L\u2019\u00daS P\u00daBLIC DE LA BASSA DE SUCS\" class=\"read-more\" href=\"https:\/\/sucs.paeria.cat\/web\/actuacio-de-millora-dhabitat-i-adequacio-de-lus-public-de-la-bassa-de-sucs-aquesta-actuacio-sha-realitzat-a-traves-de-les-subvencions-als\/\" aria-label=\"M\u00e9s informaci\u00f3 sobre ACTUACI\u00d3 DE MILLORA D\u2019H\u00c0BITAT I ADEQUACI\u00d3 DE L\u2019\u00daS P\u00daBLIC DE LA BASSA DE SUCS\">Llegiu m\u00e9s<\/a><\/p>\n","protected":false},"author":8,"featured_media":0,"comment_status":"closed","ping_status":"closed","sticky":false,"template":"elementor_header_footer","format":"standard","meta":{"_sitemap_exclude":false,"_sitemap_priority":"","_sitemap_frequency":"","footnotes":""},"categories":[5,19],"tags":[],"class_list":["post-2377","post","type-post","status-publish","format-standard","hentry","category-noticia","category-subvencions-emd-de-sucs"],"yoast_head":"<!-- This site is optimized with the Yoast SEO plugin v27.5 - https:\/\/yoast.com\/product\/yoast-seo-wordpress\/ -->\n<title>ACTUACI\u00d3 DE MILLORA D\u2019H\u00c0BITAT I ADEQUACI\u00d3 DE L\u2019\u00daS P\u00daBLIC DE LA BASSA DE SUCS - Entitat Municipal Descentralitzada de Sucs - La Paeria - Ajuntament de Lleida<\/title>\n<meta name=\"robots\" content=\"index, follow, max-snippet:-1, max-image-preview:large, max-video-preview:-1\" \/>\n<link rel=\"canonical\" href=\"https:\/\/sucs.paeria.cat\/web\/actuacio-de-millora-dhabitat-i-adequacio-de-lus-public-de-la-bassa-de-sucs-aquesta-actuacio-sha-realitzat-a-traves-de-les-subvencions-als\/\" \/>\n<meta property=\"og:locale\" content=\"ca_ES\" \/>\n<meta property=\"og:type\" content=\"article\" \/>\n<meta property=\"og:title\" content=\"ACTUACI\u00d3 DE MILLORA D\u2019H\u00c0BITAT I ADEQUACI\u00d3 DE L\u2019\u00daS P\u00daBLIC DE LA BASSA DE SUCS - Entitat Municipal Descentralitzada de Sucs - La Paeria - Ajuntament de Lleida\" \/>\n<meta property=\"og:description\" content=\"ACTUACI\u00d3 DE MILLORA D\u2019H\u00c0BITAT I ADEQUACI\u00d3 DE L\u2019\u00daS P\u00daBLIC DE LA BASSA DE SUCS Aquesta actuaci\u00f3 s\u2019ha realitzat a trav\u00e9s de les Subvencions als espais naturals, als h\u00e0bitats i les esp\u00e8cies per al 2023 del Departament de Territori, Habitatge i Transici\u00f3 Ecol\u00f2gica, cofinan\u00e7ades pel Fons Europeu Agr\u00edcola de Desenvolupament Rural (FEADER). L\u2019actuaci\u00f3 ha estat subvencionada ... Llegiu m\u00e9s\" \/>\n<meta property=\"og:url\" content=\"https:\/\/sucs.paeria.cat\/web\/actuacio-de-millora-dhabitat-i-adequacio-de-lus-public-de-la-bassa-de-sucs-aquesta-actuacio-sha-realitzat-a-traves-de-les-subvencions-als\/\" \/>\n<meta property=\"og:site_name\" content=\"Entitat Municipal Descentralitzada de Sucs - La Paeria - Ajuntament de Lleida\" \/>\n<meta property=\"article:published_time\" content=\"2024-11-21T09:08:58+00:00\" \/>\n<meta property=\"article:modified_time\" content=\"2025-02-04T14:10:22+00:00\" \/>\n<meta property=\"og:image\" content=\"https:\/\/sucs.paeria.cat\/web\/wp-content\/uploads\/2025\/02\/Fons-Europeu-Agricola-de-Desenvolupament-Rural-FEADER.png_1386679427.png\" \/>\n\t<meta property=\"og:image:width\" content=\"300\" \/>\n\t<meta property=\"og:image:height\" content=\"50\" \/>\n\t<meta property=\"og:image:type\" content=\"image\/png\" \/>\n<meta name=\"author\" content=\"Maria Soledad Sancho\" \/>\n<meta name=\"twitter:card\" content=\"summary_large_image\" \/>\n<meta name=\"twitter:label1\" content=\"Escrit per\" \/>\n\t<meta name=\"twitter:data1\" content=\"Maria Soledad Sancho\" \/>\n\t<meta name=\"twitter:label2\" content=\"Temps estimat de lectura\" \/>\n\t<meta name=\"twitter:data2\" content=\"1 minut\" \/>\n<script type=\"application\/ld+json\" class=\"yoast-schema-graph\">{\"@context\":\"https:\\\/\\\/schema.org\",\"@graph\":[{\"@type\":\"Article\",\"@id\":\"https:\\\/\\\/sucs.paeria.cat\\\/web\\\/actuacio-de-millora-dhabitat-i-adequacio-de-lus-public-de-la-bassa-de-sucs-aquesta-actuacio-sha-realitzat-a-traves-de-les-subvencions-als\\\/#article\",\"isPartOf\":{\"@id\":\"https:\\\/\\\/sucs.paeria.cat\\\/web\\\/actuacio-de-millora-dhabitat-i-adequacio-de-lus-public-de-la-bassa-de-sucs-aquesta-actuacio-sha-realitzat-a-traves-de-les-subvencions-als\\\/\"},\"author\":{\"name\":\"Maria Soledad Sancho\",\"@id\":\"https:\\\/\\\/sucs.paeria.cat\\\/web\\\/#\\\/schema\\\/person\\\/e9413a0f35aed9c94d84455280dc9578\"},\"headline\":\"ACTUACI\u00d3 DE MILLORA D\u2019H\u00c0BITAT I ADEQUACI\u00d3 DE L\u2019\u00daS P\u00daBLIC DE LA BASSA DE SUCS\",\"datePublished\":\"2024-11-21T09:08:58+00:00\",\"dateModified\":\"2025-02-04T14:10:22+00:00\",\"mainEntityOfPage\":{\"@id\":\"https:\\\/\\\/sucs.paeria.cat\\\/web\\\/actuacio-de-millora-dhabitat-i-adequacio-de-lus-public-de-la-bassa-de-sucs-aquesta-actuacio-sha-realitzat-a-traves-de-les-subvencions-als\\\/\"},\"wordCount\":139,\"publisher\":{\"@id\":\"https:\\\/\\\/sucs.paeria.cat\\\/web\\\/#organization\"},\"image\":{\"@id\":\"https:\\\/\\\/sucs.paeria.cat\\\/web\\\/actuacio-de-millora-dhabitat-i-adequacio-de-lus-public-de-la-bassa-de-sucs-aquesta-actuacio-sha-realitzat-a-traves-de-les-subvencions-als\\\/#primaryimage\"},\"thumbnailUrl\":\"https:\\\/\\\/sucs.paeria.cat\\\/web\\\/wp-content\\\/uploads\\\/2025\\\/02\\\/Fons-Europeu-Agricola-de-Desenvolupament-Rural-FEADER.png_1386679427.png\",\"articleSection\":[\"not\u00edcia\",\"Subvencions EMD DE SUCS\"],\"inLanguage\":\"ca\"},{\"@type\":\"WebPage\",\"@id\":\"https:\\\/\\\/sucs.paeria.cat\\\/web\\\/actuacio-de-millora-dhabitat-i-adequacio-de-lus-public-de-la-bassa-de-sucs-aquesta-actuacio-sha-realitzat-a-traves-de-les-subvencions-als\\\/\",\"url\":\"https:\\\/\\\/sucs.paeria.cat\\\/web\\\/actuacio-de-millora-dhabitat-i-adequacio-de-lus-public-de-la-bassa-de-sucs-aquesta-actuacio-sha-realitzat-a-traves-de-les-subvencions-als\\\/\",\"name\":\"ACTUACI\u00d3 DE MILLORA D\u2019H\u00c0BITAT I ADEQUACI\u00d3 DE L\u2019\u00daS P\u00daBLIC DE LA BASSA DE SUCS - Entitat Municipal Descentralitzada de Sucs - La Paeria - Ajuntament de Lleida\",\"isPartOf\":{\"@id\":\"https:\\\/\\\/sucs.paeria.cat\\\/web\\\/#website\"},\"primaryImageOfPage\":{\"@id\":\"https:\\\/\\\/sucs.paeria.cat\\\/web\\\/actuacio-de-millora-dhabitat-i-adequacio-de-lus-public-de-la-bassa-de-sucs-aquesta-actuacio-sha-realitzat-a-traves-de-les-subvencions-als\\\/#primaryimage\"},\"image\":{\"@id\":\"https:\\\/\\\/sucs.paeria.cat\\\/web\\\/actuacio-de-millora-dhabitat-i-adequacio-de-lus-public-de-la-bassa-de-sucs-aquesta-actuacio-sha-realitzat-a-traves-de-les-subvencions-als\\\/#primaryimage\"},\"thumbnailUrl\":\"https:\\\/\\\/sucs.paeria.cat\\\/web\\\/wp-content\\\/uploads\\\/2025\\\/02\\\/Fons-Europeu-Agricola-de-Desenvolupament-Rural-FEADER.png_1386679427.png\",\"datePublished\":\"2024-11-21T09:08:58+00:00\",\"dateModified\":\"2025-02-04T14:10:22+00:00\",\"breadcrumb\":{\"@id\":\"https:\\\/\\\/sucs.paeria.cat\\\/web\\\/actuacio-de-millora-dhabitat-i-adequacio-de-lus-public-de-la-bassa-de-sucs-aquesta-actuacio-sha-realitzat-a-traves-de-les-subvencions-als\\\/#breadcrumb\"},\"inLanguage\":\"ca\",\"potentialAction\":[{\"@type\":\"ReadAction\",\"target\":[\"https:\\\/\\\/sucs.paeria.cat\\\/web\\\/actuacio-de-millora-dhabitat-i-adequacio-de-lus-public-de-la-bassa-de-sucs-aquesta-actuacio-sha-realitzat-a-traves-de-les-subvencions-als\\\/\"]}]},{\"@type\":\"ImageObject\",\"inLanguage\":\"ca\",\"@id\":\"https:\\\/\\\/sucs.paeria.cat\\\/web\\\/actuacio-de-millora-dhabitat-i-adequacio-de-lus-public-de-la-bassa-de-sucs-aquesta-actuacio-sha-realitzat-a-traves-de-les-subvencions-als\\\/#primaryimage\",\"url\":\"https:\\\/\\\/sucs.paeria.cat\\\/web\\\/wp-content\\\/uploads\\\/2025\\\/02\\\/Fons-Europeu-Agricola-de-Desenvolupament-Rural-FEADER.png_1386679427.png\",\"contentUrl\":\"https:\\\/\\\/sucs.paeria.cat\\\/web\\\/wp-content\\\/uploads\\\/2025\\\/02\\\/Fons-Europeu-Agricola-de-Desenvolupament-Rural-FEADER.png_1386679427.png\",\"width\":300,\"height\":50,\"caption\":\"Fons Europeu Agr\u00edcola de Desenvolupament Rural (FEADER)\"},{\"@type\":\"BreadcrumbList\",\"@id\":\"https:\\\/\\\/sucs.paeria.cat\\\/web\\\/actuacio-de-millora-dhabitat-i-adequacio-de-lus-public-de-la-bassa-de-sucs-aquesta-actuacio-sha-realitzat-a-traves-de-les-subvencions-als\\\/#breadcrumb\",\"itemListElement\":[{\"@type\":\"ListItem\",\"position\":1,\"name\":\"Inici\",\"item\":\"https:\\\/\\\/sucs.paeria.cat\\\/web\\\/\"},{\"@type\":\"ListItem\",\"position\":2,\"name\":\"ACTUACI\u00d3 DE MILLORA D\u2019H\u00c0BITAT I ADEQUACI\u00d3 DE L\u2019\u00daS P\u00daBLIC DE LA BASSA DE SUCS\"}]},{\"@type\":\"WebSite\",\"@id\":\"https:\\\/\\\/sucs.paeria.cat\\\/web\\\/#website\",\"url\":\"https:\\\/\\\/sucs.paeria.cat\\\/web\\\/\",\"name\":\"Entitat Municipal Descentralitzada de Sucs - La Paeria - Ajuntament de Lleida\",\"description\":\"Entitat Municipal Descentralitzada de Sucs\",\"publisher\":{\"@id\":\"https:\\\/\\\/sucs.paeria.cat\\\/web\\\/#organization\"},\"potentialAction\":[{\"@type\":\"SearchAction\",\"target\":{\"@type\":\"EntryPoint\",\"urlTemplate\":\"https:\\\/\\\/sucs.paeria.cat\\\/web\\\/?s={search_term_string}\"},\"query-input\":{\"@type\":\"PropertyValueSpecification\",\"valueRequired\":true,\"valueName\":\"search_term_string\"}}],\"inLanguage\":\"ca\"},{\"@type\":\"Organization\",\"@id\":\"https:\\\/\\\/sucs.paeria.cat\\\/web\\\/#organization\",\"name\":\"Ajuntament de Lleida\",\"url\":\"https:\\\/\\\/sucs.paeria.cat\\\/web\\\/\",\"logo\":{\"@type\":\"ImageObject\",\"inLanguage\":\"ca\",\"@id\":\"https:\\\/\\\/sucs.paeria.cat\\\/web\\\/#\\\/schema\\\/logo\\\/image\\\/\",\"url\":\"https:\\\/\\\/sucs.paeria.cat\\\/web\\\/wp-content\\\/uploads\\\/2021\\\/11\\\/cropped-capcalera-sucs_versio-escut-sucs.png\",\"contentUrl\":\"https:\\\/\\\/sucs.paeria.cat\\\/web\\\/wp-content\\\/uploads\\\/2021\\\/11\\\/cropped-capcalera-sucs_versio-escut-sucs.png\",\"width\":1100,\"height\":220,\"caption\":\"Ajuntament de Lleida\"},\"image\":{\"@id\":\"https:\\\/\\\/sucs.paeria.cat\\\/web\\\/#\\\/schema\\\/logo\\\/image\\\/\"}},{\"@type\":\"Person\",\"@id\":\"https:\\\/\\\/sucs.paeria.cat\\\/web\\\/#\\\/schema\\\/person\\\/e9413a0f35aed9c94d84455280dc9578\",\"name\":\"Maria Soledad Sancho\",\"image\":{\"@type\":\"ImageObject\",\"inLanguage\":\"ca\",\"@id\":\"https:\\\/\\\/secure.gravatar.com\\\/avatar\\\/f7029b5dcb99bb05012aaedc7fb306629bca13316536e6a3c705cef3b9b49218?s=96&d=mm&r=g\",\"url\":\"https:\\\/\\\/secure.gravatar.com\\\/avatar\\\/f7029b5dcb99bb05012aaedc7fb306629bca13316536e6a3c705cef3b9b49218?s=96&d=mm&r=g\",\"contentUrl\":\"https:\\\/\\\/secure.gravatar.com\\\/avatar\\\/f7029b5dcb99bb05012aaedc7fb306629bca13316536e6a3c705cef3b9b49218?s=96&d=mm&r=g\",\"caption\":\"Maria Soledad Sancho\"}}]}<\/script>\n<!-- \/ Yoast SEO plugin. -->","yoast_head_json":{"title":"ACTUACI\u00d3 DE MILLORA D\u2019H\u00c0BITAT I ADEQUACI\u00d3 DE L\u2019\u00daS P\u00daBLIC DE LA BASSA DE SUCS - Entitat Municipal Descentralitzada de Sucs - La Paeria - Ajuntament de Lleida","robots":{"index":"index","follow":"follow","max-snippet":"max-snippet:-1","max-image-preview":"max-image-preview:large","max-video-preview":"max-video-preview:-1"},"canonical":"https:\/\/sucs.paeria.cat\/web\/actuacio-de-millora-dhabitat-i-adequacio-de-lus-public-de-la-bassa-de-sucs-aquesta-actuacio-sha-realitzat-a-traves-de-les-subvencions-als\/","og_locale":"ca_ES","og_type":"article","og_title":"ACTUACI\u00d3 DE MILLORA D\u2019H\u00c0BITAT I ADEQUACI\u00d3 DE L\u2019\u00daS P\u00daBLIC DE LA BASSA DE SUCS - Entitat Municipal Descentralitzada de Sucs - La Paeria - Ajuntament de Lleida","og_description":"ACTUACI\u00d3 DE MILLORA D\u2019H\u00c0BITAT I ADEQUACI\u00d3 DE L\u2019\u00daS P\u00daBLIC DE LA BASSA DE SUCS Aquesta actuaci\u00f3 s\u2019ha realitzat a trav\u00e9s de les Subvencions als espais naturals, als h\u00e0bitats i les esp\u00e8cies per al 2023 del Departament de Territori, Habitatge i Transici\u00f3 Ecol\u00f2gica, cofinan\u00e7ades pel Fons Europeu Agr\u00edcola de Desenvolupament Rural (FEADER). L\u2019actuaci\u00f3 ha estat subvencionada ... Llegiu m\u00e9s","og_url":"https:\/\/sucs.paeria.cat\/web\/actuacio-de-millora-dhabitat-i-adequacio-de-lus-public-de-la-bassa-de-sucs-aquesta-actuacio-sha-realitzat-a-traves-de-les-subvencions-als\/","og_site_name":"Entitat Municipal Descentralitzada de Sucs - La Paeria - Ajuntament de Lleida","article_published_time":"2024-11-21T09:08:58+00:00","article_modified_time":"2025-02-04T14:10:22+00:00","og_image":[{"width":300,"height":50,"url":"https:\/\/sucs.paeria.cat\/web\/wp-content\/uploads\/2025\/02\/Fons-Europeu-Agricola-de-Desenvolupament-Rural-FEADER.png_1386679427.png","type":"image\/png"}],"author":"Maria Soledad Sancho","twitter_card":"summary_large_image","twitter_misc":{"Escrit per":"Maria Soledad Sancho","Temps estimat de lectura":"1 minut"},"schema":{"@context":"https:\/\/schema.org","@graph":[{"@type":"Article","@id":"https:\/\/sucs.paeria.cat\/web\/actuacio-de-millora-dhabitat-i-adequacio-de-lus-public-de-la-bassa-de-sucs-aquesta-actuacio-sha-realitzat-a-traves-de-les-subvencions-als\/#article","isPartOf":{"@id":"https:\/\/sucs.paeria.cat\/web\/actuacio-de-millora-dhabitat-i-adequacio-de-lus-public-de-la-bassa-de-sucs-aquesta-actuacio-sha-realitzat-a-traves-de-les-subvencions-als\/"},"author":{"name":"Maria Soledad Sancho","@id":"https:\/\/sucs.paeria.cat\/web\/#\/schema\/person\/e9413a0f35aed9c94d84455280dc9578"},"headline":"ACTUACI\u00d3 DE MILLORA D\u2019H\u00c0BITAT I ADEQUACI\u00d3 DE L\u2019\u00daS P\u00daBLIC DE LA BASSA DE SUCS","datePublished":"2024-11-21T09:08:58+00:00","dateModified":"2025-02-04T14:10:22+00:00","mainEntityOfPage":{"@id":"https:\/\/sucs.paeria.cat\/web\/actuacio-de-millora-dhabitat-i-adequacio-de-lus-public-de-la-bassa-de-sucs-aquesta-actuacio-sha-realitzat-a-traves-de-les-subvencions-als\/"},"wordCount":139,"publisher":{"@id":"https:\/\/sucs.paeria.cat\/web\/#organization"},"image":{"@id":"https:\/\/sucs.paeria.cat\/web\/actuacio-de-millora-dhabitat-i-adequacio-de-lus-public-de-la-bassa-de-sucs-aquesta-actuacio-sha-realitzat-a-traves-de-les-subvencions-als\/#primaryimage"},"thumbnailUrl":"https:\/\/sucs.paeria.cat\/web\/wp-content\/uploads\/2025\/02\/Fons-Europeu-Agricola-de-Desenvolupament-Rural-FEADER.png_1386679427.png","articleSection":["not\u00edcia","Subvencions EMD DE SUCS"],"inLanguage":"ca"},{"@type":"WebPage","@id":"https:\/\/sucs.paeria.cat\/web\/actuacio-de-millora-dhabitat-i-adequacio-de-lus-public-de-la-bassa-de-sucs-aquesta-actuacio-sha-realitzat-a-traves-de-les-subvencions-als\/","url":"https:\/\/sucs.paeria.cat\/web\/actuacio-de-millora-dhabitat-i-adequacio-de-lus-public-de-la-bassa-de-sucs-aquesta-actuacio-sha-realitzat-a-traves-de-les-subvencions-als\/","name":"ACTUACI\u00d3 DE MILLORA D\u2019H\u00c0BITAT I ADEQUACI\u00d3 DE L\u2019\u00daS P\u00daBLIC DE LA BASSA DE SUCS - Entitat Municipal Descentralitzada de Sucs - La Paeria - Ajuntament de Lleida","isPartOf":{"@id":"https:\/\/sucs.paeria.cat\/web\/#website"},"primaryImageOfPage":{"@id":"https:\/\/sucs.paeria.cat\/web\/actuacio-de-millora-dhabitat-i-adequacio-de-lus-public-de-la-bassa-de-sucs-aquesta-actuacio-sha-realitzat-a-traves-de-les-subvencions-als\/#primaryimage"},"image":{"@id":"https:\/\/sucs.paeria.cat\/web\/actuacio-de-millora-dhabitat-i-adequacio-de-lus-public-de-la-bassa-de-sucs-aquesta-actuacio-sha-realitzat-a-traves-de-les-subvencions-als\/#primaryimage"},"thumbnailUrl":"https:\/\/sucs.paeria.cat\/web\/wp-content\/uploads\/2025\/02\/Fons-Europeu-Agricola-de-Desenvolupament-Rural-FEADER.png_1386679427.png","datePublished":"2024-11-21T09:08:58+00:00","dateModified":"2025-02-04T14:10:22+00:00","breadcrumb":{"@id":"https:\/\/sucs.paeria.cat\/web\/actuacio-de-millora-dhabitat-i-adequacio-de-lus-public-de-la-bassa-de-sucs-aquesta-actuacio-sha-realitzat-a-traves-de-les-subvencions-als\/#breadcrumb"},"inLanguage":"ca","potentialAction":[{"@type":"ReadAction","target":["https:\/\/sucs.paeria.cat\/web\/actuacio-de-millora-dhabitat-i-adequacio-de-lus-public-de-la-bassa-de-sucs-aquesta-actuacio-sha-realitzat-a-traves-de-les-subvencions-als\/"]}]},{"@type":"ImageObject","inLanguage":"ca","@id":"https:\/\/sucs.paeria.cat\/web\/actuacio-de-millora-dhabitat-i-adequacio-de-lus-public-de-la-bassa-de-sucs-aquesta-actuacio-sha-realitzat-a-traves-de-les-subvencions-als\/#primaryimage","url":"https:\/\/sucs.paeria.cat\/web\/wp-content\/uploads\/2025\/02\/Fons-Europeu-Agricola-de-Desenvolupament-Rural-FEADER.png_1386679427.png","contentUrl":"https:\/\/sucs.paeria.cat\/web\/wp-content\/uploads\/2025\/02\/Fons-Europeu-Agricola-de-Desenvolupament-Rural-FEADER.png_1386679427.png","width":300,"height":50,"caption":"Fons Europeu Agr\u00edcola de Desenvolupament Rural (FEADER)"},{"@type":"BreadcrumbList","@id":"https:\/\/sucs.paeria.cat\/web\/actuacio-de-millora-dhabitat-i-adequacio-de-lus-public-de-la-bassa-de-sucs-aquesta-actuacio-sha-realitzat-a-traves-de-les-subvencions-als\/#breadcrumb","itemListElement":[{"@type":"ListItem","position":1,"name":"Inici","item":"https:\/\/sucs.paeria.cat\/web\/"},{"@type":"ListItem","position":2,"name":"ACTUACI\u00d3 DE MILLORA D\u2019H\u00c0BITAT I ADEQUACI\u00d3 DE L\u2019\u00daS P\u00daBLIC DE LA BASSA DE SUCS"}]},{"@type":"WebSite","@id":"https:\/\/sucs.paeria.cat\/web\/#website","url":"https:\/\/sucs.paeria.cat\/web\/","name":"Entitat Municipal Descentralitzada de Sucs - La Paeria - Ajuntament de Lleida","description":"Entitat Municipal Descentralitzada de Sucs","publisher":{"@id":"https:\/\/sucs.paeria.cat\/web\/#organization"},"potentialAction":[{"@type":"SearchAction","target":{"@type":"EntryPoint","urlTemplate":"https:\/\/sucs.paeria.cat\/web\/?s={search_term_string}"},"query-input":{"@type":"PropertyValueSpecification","valueRequired":true,"valueName":"search_term_string"}}],"inLanguage":"ca"},{"@type":"Organization","@id":"https:\/\/sucs.paeria.cat\/web\/#organization","name":"Ajuntament de Lleida","url":"https:\/\/sucs.paeria.cat\/web\/","logo":{"@type":"ImageObject","inLanguage":"ca","@id":"https:\/\/sucs.paeria.cat\/web\/#\/schema\/logo\/image\/","url":"https:\/\/sucs.paeria.cat\/web\/wp-content\/uploads\/2021\/11\/cropped-capcalera-sucs_versio-escut-sucs.png","contentUrl":"https:\/\/sucs.paeria.cat\/web\/wp-content\/uploads\/2021\/11\/cropped-capcalera-sucs_versio-escut-sucs.png","width":1100,"height":220,"caption":"Ajuntament de Lleida"},"image":{"@id":"https:\/\/sucs.paeria.cat\/web\/#\/schema\/logo\/image\/"}},{"@type":"Person","@id":"https:\/\/sucs.paeria.cat\/web\/#\/schema\/person\/e9413a0f35aed9c94d84455280dc9578","name":"Maria Soledad Sancho","image":{"@type":"ImageObject","inLanguage":"ca","@id":"https:\/\/secure.gravatar.com\/avatar\/f7029b5dcb99bb05012aaedc7fb306629bca13316536e6a3c705cef3b9b49218?s=96&d=mm&r=g","url":"https:\/\/secure.gravatar.com\/avatar\/f7029b5dcb99bb05012aaedc7fb306629bca13316536e6a3c705cef3b9b49218?s=96&d=mm&r=g","contentUrl":"https:\/\/secure.gravatar.com\/avatar\/f7029b5dcb99bb05012aaedc7fb306629bca13316536e6a3c705cef3b9b49218?s=96&d=mm&r=g","caption":"Maria Soledad Sancho"}}]}},"_links":{"self":[{"href":"https:\/\/sucs.paeria.cat\/web\/wp-json\/wp\/v2\/posts\/2377","targetHints":{"allow":["GET"]}}],"collection":[{"href":"https:\/\/sucs.paeria.cat\/web\/wp-json\/wp\/v2\/posts"}],"about":[{"href":"https:\/\/sucs.paeria.cat\/web\/wp-json\/wp\/v2\/types\/post"}],"author":[{"embeddable":true,"href":"https:\/\/sucs.paeria.cat\/web\/wp-json\/wp\/v2\/users\/8"}],"replies":[{"embeddable":true,"href":"https:\/\/sucs.paeria.cat\/web\/wp-json\/wp\/v2\/comments?post=2377"}],"version-history":[{"count":20,"href":"https:\/\/sucs.paeria.cat\/web\/wp-json\/wp\/v2\/posts\/2377\/revisions"}],"predecessor-version":[{"id":2451,"href":"https:\/\/sucs.paeria.cat\/web\/wp-json\/wp\/v2\/posts\/2377\/revisions\/2451"}],"wp:attachment":[{"href":"https:\/\/sucs.paeria.cat\/web\/wp-json\/wp\/v2\/media?parent=2377"}],"wp:term":[{"taxonomy":"category","embeddable":true,"href":"https:\/\/sucs.paeria.cat\/web\/wp-json\/wp\/v2\/categories?post=2377"},{"taxonomy":"post_tag","embeddable":true,"href":"https:\/\/sucs.paeria.cat\/web\/wp-json\/wp\/v2\/tags?post=2377"}],"curies":[{"name":"wp","href":"https:\/\/api.w.org\/{rel}","templated":true}]}}